{"id":912,"date":"2019-01-17T16:04:53","date_gmt":"2019-01-17T15:04:53","guid":{"rendered":"http:\/\/tv-jahn-handball.de\/?p=912"},"modified":"2019-01-17T16:04:53","modified_gmt":"2019-01-17T15:04:53","slug":"vorbericht-pokalspiel-gegen-1-heubacher-hv","status":"publish","type":"post","link":"https:\/\/tv-jahn-handball.de\/?p=912","title":{"rendered":"Vorbericht Pokalspiel gegen 1.Heubacher HV"},"content":{"rendered":"<p class=\"x_MsoNormal\">Nach einem erfolgreichen 2. Halbjahr 2018 starten die W\u00f6lfe ins Jahr 2019 mit einem echten Pokalfight. Am Freitagabend ist &nbsp;der 1. Heubacher Handballverein &nbsp;in der kleinen EWS Arena zu Gast. Anpfiff ist um 20:30 Uhr.<\/p>\n<p class=\"x_MsoNormal\">Die Heubacher sind ebenfalls in der Bezirksliga unterwegs und konnten nach einem schwachen Start in den Spielen vor Weihnachten die ersten Punkte einfahren. Speziell auf den wurfgewaltigen R\u00fcckraumspieler Siegle m\u00fcssen die W\u00f6lfe ein Auge haben, um die einfachen Tore zu unterbinden. Die Heubacher zeichnet eine hohe Einsatzbereitschaft und viel Leidenschaft aus. Zus\u00e4tzlich werden die M\u00e4nner vom Rosenstein durch viele Schlachtenbummler unterst\u00fctzt, die auch sicherlich die kurze Anreise am Freitagabend in Kauf nehmen werden.<\/p>\n<p class=\"x_MsoNormal\">Bei den Jahn-M\u00e4nner m\u00f6chte man das Pokalspiel nutzen, um wieder auf Betriebstemperatur zu kommen und gleichzeitig das Pokal Final-Four zu erreichen. Die Jungs hatten 2 Wochen Urlaub und bedingt durch die gemeinsame Ski-Ausfahrt nach Flachau auch erst 2 Trainingseinheiten in diesem Jahr. Dementsprechend spannend wird es sein, ob die Jahnler die notwendigen PS wieder auf die Stra\u00dfe bekommen und das Spiel erfolgreich gestalten. Definitiv fehlen werden Christoph Sch\u00f6llhammer und Florian Aust.<\/p>\n<p class=\"x_MsoNormal\">Auf geht\u2019s in die Halle am spielfreien Tag der Handball WM und die Jungs unterst\u00fctzen auf dem Weg ins Final Four.<\/p>\n<p class=\"x_MsoNormal\">&nbsp;<\/p>\n<p class=\"x_MsoNormal\">#GoWolves<\/p>\n<p class=\"x_MsoNormal\">#nextlevel<\/p>\n","protected":false},"excerpt":{"rendered":"<p>Nach einem erfolgreichen 2. Halbjahr 2018 starten die W\u00f6lfe ins Jahr 2019 mit einem echten Pokalfight. Am Freitagabend ist &nbsp;der 1. Heubacher Handballverein &nbsp;in der kleinen EWS Arena zu Gast. Anpfiff ist um 20:30 Uhr. Die Heubacher sind ebenfalls in der Bezirksliga unterwegs und konnten nach einem schwachen Start in [&hellip;]<\/p>\n","protected":false},"author":2,"featured_media":913,"comment_status":"open","ping_status":"open","sticky":false,"template":"","format":"standard","meta":{"ngg_post_thumbnail":0,"footnotes":""},"categories":[7],"tags":[],"class_list":["post-912","post","type-post","status-publish","format-standard","has-post-thumbnail","hentry","category-maenner-1"],"_links":{"self":[{"href":"https:\/\/tv-jahn-handball.de\/index.php?rest_route=\/wp\/v2\/posts\/912"}],"collection":[{"href":"https:\/\/tv-jahn-handball.de\/index.php?rest_route=\/wp\/v2\/posts"}],"about":[{"href":"https:\/\/tv-jahn-handball.de\/index.php?rest_route=\/wp\/v2\/types\/post"}],"author":[{"embeddable":true,"href":"https:\/\/tv-jahn-handball.de\/index.php?rest_route=\/wp\/v2\/users\/2"}],"replies":[{"embeddable":true,"href":"https:\/\/tv-jahn-handball.de\/index.php?rest_route=%2Fwp%2Fv2%2Fcomments&post=912"}],"version-history":[{"count":1,"href":"https:\/\/tv-jahn-handball.de\/index.php?rest_route=\/wp\/v2\/posts\/912\/revisions"}],"predecessor-version":[{"id":914,"href":"https:\/\/tv-jahn-handball.de\/index.php?rest_route=\/wp\/v2\/posts\/912\/revisions\/914"}],"wp:featuredmedia":[{"embeddable":true,"href":"https:\/\/tv-jahn-handball.de\/index.php?rest_route=\/wp\/v2\/media\/913"}],"wp:attachment":[{"href":"https:\/\/tv-jahn-handball.de\/index.php?rest_route=%2Fwp%2Fv2%2Fmedia&parent=912"}],"wp:term":[{"taxonomy":"category","embeddable":true,"href":"https:\/\/tv-jahn-handball.de\/index.php?rest_route=%2Fwp%2Fv2%2Fcategories&post=912"},{"taxonomy":"post_tag","embeddable":true,"href":"https:\/\/tv-jahn-handball.de\/index.php?rest_route=%2Fwp%2Fv2%2Ftags&post=912"}],"curies":[{"name":"wp","href":"https:\/\/api.w.org\/{rel}","templated":true}]}}