{"id":879,"date":"2018-09-27T08:57:34","date_gmt":"2018-09-27T06:57:34","guid":{"rendered":"http:\/\/tv-jahn-handball.de\/?p=879"},"modified":"2018-11-09T08:59:38","modified_gmt":"2018-11-09T07:59:38","slug":"derbytime-woelfe-im-stadtderby-gefordert","status":"publish","type":"post","link":"https:\/\/tv-jahn-handball.de\/?p=879","title":{"rendered":"Derbytime \u2013 W\u00f6lfe im Stadtderby gefordert"},"content":{"rendered":"<p>Bereits am kommenden Freitag, den 28.09.2018 kommt es zum ewig jungen Derby gegen die TS G\u00f6ppingen. Anpfiff der wichtigen \u201eAusw\u00e4rts\u201c- Partie ist zur besten Zeit um 20:30 Uhr in der EWS Arena.<\/p>\n<p>Nach dem erfolgreichen Auftakt gastieren die W\u00f6lfe zum k\u00fcrzesten Ausw\u00e4rtsspiel in der heimischen EWS Arena. Statt einer (eigentlich stattfindenden) Trainingseinheit messen sich die M\u00e4nner von Coach Tobi Papsch mit den Rot-Wei\u00dfen der TS G\u00f6ppingen.<span class=\"text_exposed_show\"> Die TS hatte im Sommer den Abgang von Leistungstr\u00e4ger Sascha Hartl zu verkraften, konnte sich im Gegenzug aber auf der Torh\u00fcterposition verst\u00e4rken, sodass der Kader der Gastgeber nahezu identisch zum Vorjahr scheint: Neben den wurfgewaltigen Spielern Skutta und Anger haben die TSler bewegliche R\u00fcckraumspieler und ordentlich Qualit\u00e4t am Kreis zur Verf\u00fcgung. Die Truppe ist eingespielt und erfahren und konnte den Saisonauftakt beim Aufsteiger aus Herbrechtingen-Bolheim positiv gestalten.<\/span><\/p>\n<div class=\"text_exposed_show\">\n<p>F\u00fcr die W\u00f6lfe wird es in erster Linie darum gehen eine \u00e4hnlich konzentrierte Leistung abzurufen wie gegen den HSB abzurufen. Vor allem im Umschalt- und Angriffsspiel m\u00fcssen die W\u00f6lfe das Tempo hochhalten, um zu vielen einfachen Toren zu gelangen. Neben den Langzeitverletzten sind auch einige Spieler gesundheitlich angeschlagen und im Urlaub und so wird sich der finale Kader erst am Freitag ergeben. Das Rudel verspricht einen leidenschaftlichen und engagierten Auftritt und m\u00f6chte auch das erste Ausw\u00e4rtsspiel dieser Saison gewinnen.<\/p>\n<p>\u00dcber lautstarke Unterst\u00fctzung w\u00fcrden sich die Jahnler sehr freuen. Auf geht\u2019s in die EWS Arena am Freitag!<\/p>\n<p><a class=\"_58cn\" href=\"https:\/\/www.facebook.com\/hashtag\/gowolves?source=feed_text&amp;__xts__%5B0%5D=68.ARDOiD10SFYHf4MarxE8LezsIAcPypuRwCgrNHev0E7G2ABF3a2h3K9ma7YQi9Tgrib7hMvH8u6hevvy7ysaeIX_B1tsrYkZlefX8rnUa3pQGyk81PpnGxYvLQUR5vbSxaopRq_aTAs9WDedqG-N-p8TozyU0X7_WZA_aRPk5gUGkpfJOAmAmhPYIJ6a0xYFqj58AzUfiR4KszDM69NOXfg&amp;__tn__=%2ANK-R\" data-ft=\"{&quot;type&quot;:104,&quot;tn&quot;:&quot;*N&quot;}\"><span class=\"_5afx\"><span class=\"_58cl _5afz\" aria-label=\"Hashtag\">#<\/span><span class=\"_58cm\">GoWolves<\/span><\/span><\/a><\/p>\n<p><a class=\"_58cn\" href=\"https:\/\/www.facebook.com\/hashtag\/nextlevel?source=feed_text&amp;__xts__%5B0%5D=68.ARDOiD10SFYHf4MarxE8LezsIAcPypuRwCgrNHev0E7G2ABF3a2h3K9ma7YQi9Tgrib7hMvH8u6hevvy7ysaeIX_B1tsrYkZlefX8rnUa3pQGyk81PpnGxYvLQUR5vbSxaopRq_aTAs9WDedqG-N-p8TozyU0X7_WZA_aRPk5gUGkpfJOAmAmhPYIJ6a0xYFqj58AzUfiR4KszDM69NOXfg&amp;__tn__=%2ANK-R\" data-ft=\"{&quot;type&quot;:104,&quot;tn&quot;:&quot;*N&quot;}\"><span class=\"_5afx\"><span class=\"_58cl _5afz\" aria-label=\"Hashtag\">#<\/span><span class=\"_58cm\">nextlevel<\/span><\/span><\/a><\/p>\n<\/div>\n","protected":false},"excerpt":{"rendered":"<p>Bereits am kommenden Freitag, den 28.09.2018 kommt es zum ewig jungen Derby gegen die TS G\u00f6ppingen. Anpfiff der wichtigen \u201eAusw\u00e4rts\u201c- Partie ist zur besten Zeit um 20:30 Uhr in der EWS Arena. Nach dem erfolgreichen Auftakt gastieren die W\u00f6lfe zum k\u00fcrzesten Ausw\u00e4rtsspiel in der heimischen EWS Arena. Statt einer (eigentlich [&hellip;]<\/p>\n","protected":false},"author":2,"featured_media":151,"comment_status":"open","ping_status":"open","sticky":false,"template":"","format":"standard","meta":{"ngg_post_thumbnail":0,"footnotes":""},"categories":[7],"tags":[],"class_list":["post-879","post","type-post","status-publish","format-standard","has-post-thumbnail","hentry","category-maenner-1"],"_links":{"self":[{"href":"https:\/\/tv-jahn-handball.de\/index.php?rest_route=\/wp\/v2\/posts\/879"}],"collection":[{"href":"https:\/\/tv-jahn-handball.de\/index.php?rest_route=\/wp\/v2\/posts"}],"about":[{"href":"https:\/\/tv-jahn-handball.de\/index.php?rest_route=\/wp\/v2\/types\/post"}],"author":[{"embeddable":true,"href":"https:\/\/tv-jahn-handball.de\/index.php?rest_route=\/wp\/v2\/users\/2"}],"replies":[{"embeddable":true,"href":"https:\/\/tv-jahn-handball.de\/index.php?rest_route=%2Fwp%2Fv2%2Fcomments&post=879"}],"version-history":[{"count":2,"href":"https:\/\/tv-jahn-handball.de\/index.php?rest_route=\/wp\/v2\/posts\/879\/revisions"}],"predecessor-version":[{"id":881,"href":"https:\/\/tv-jahn-handball.de\/index.php?rest_route=\/wp\/v2\/posts\/879\/revisions\/881"}],"wp:featuredmedia":[{"embeddable":true,"href":"https:\/\/tv-jahn-handball.de\/index.php?rest_route=\/wp\/v2\/media\/151"}],"wp:attachment":[{"href":"https:\/\/tv-jahn-handball.de\/index.php?rest_route=%2Fwp%2Fv2%2Fmedia&parent=879"}],"wp:term":[{"taxonomy":"category","embeddable":true,"href":"https:\/\/tv-jahn-handball.de\/index.php?rest_route=%2Fwp%2Fv2%2Fcategories&post=879"},{"taxonomy":"post_tag","embeddable":true,"href":"https:\/\/tv-jahn-handball.de\/index.php?rest_route=%2Fwp%2Fv2%2Ftags&post=879"}],"curies":[{"name":"wp","href":"https:\/\/api.w.org\/{rel}","templated":true}]}}