{"id":40651,"date":"2026-01-24T16:40:54","date_gmt":"2026-01-24T15:40:54","guid":{"rendered":"https:\/\/tv-jahn-handball.de\/?p=40651"},"modified":"2026-01-24T16:40:55","modified_gmt":"2026-01-24T15:40:55","slug":"erstes-spiel-auf-dem-grossen-feld","status":"publish","type":"post","link":"https:\/\/tv-jahn-handball.de\/?p=40651","title":{"rendered":"Erstes Spiel auf dem &#8222;gro\u00dfen&#8220; Feld"},"content":{"rendered":"\n<p>Unsere E-Jugend bestreitet am Sonntag 25.01.2026 um 13:00 Uhr in der Parkhaushalle ihr erstes Spiel auf dem gro\u00dfen Spielfeld. <\/p>\n\n\n\n<p>Die E-Jugend hat sich im Sommer auf dem Bezirksspielfest f\u00fcr die Staffel 3 (BL) qualifiziert. Dadurch d\u00fcrfen Sie in der R\u00fcckrunde im 6+1 auf dem kompletten Spielfeld gegen ihre Hinrundengegner antreten. In der Hinrunde mit 4+1 Handball, Funino und Koordinations\u00fcbungen, erreichte die E-Jugend einen hervorragenden dritten Platz. Die Kinder und das Trainerduo Tim\/Tim freuen sich riesig auf die neue Herausforderung. <\/p>\n\n\n\n<p>Die E-Jugend freut sich im Vorspiel der Herren (15:00 Uhr TS &#8211; WiWiDo 2) \u00fcber zahlreiche Unterst\u00fctzung.<\/p>\n","protected":false},"excerpt":{"rendered":"<p>Unsere E-Jugend bestreitet am Sonntag 25.01.2026 um 13:00 Uhr in der Parkhaushalle ihr erstes Spiel auf dem gro\u00dfen Spielfeld. Die E-Jugend hat sich im Sommer auf dem Bezirksspielfest f\u00fcr die Staffel 3 (BL) qualifiziert. Dadurch d\u00fcrfen Sie in der R\u00fcckrunde im 6+1 auf dem kompletten Spielfeld gegen ihre Hinrundengegner antreten. [&hellip;]<\/p>\n","protected":false},"author":4,"featured_media":40647,"comment_status":"open","ping_status":"open","sticky":false,"template":"","format":"standard","meta":{"ngg_post_thumbnail":0,"footnotes":""},"categories":[1],"tags":[],"class_list":["post-40651","post","type-post","status-publish","format-standard","has-post-thumbnail","hentry","category-spielberichte"],"_links":{"self":[{"href":"https:\/\/tv-jahn-handball.de\/index.php?rest_route=\/wp\/v2\/posts\/40651"}],"collection":[{"href":"https:\/\/tv-jahn-handball.de\/index.php?rest_route=\/wp\/v2\/posts"}],"about":[{"href":"https:\/\/tv-jahn-handball.de\/index.php?rest_route=\/wp\/v2\/types\/post"}],"author":[{"embeddable":true,"href":"https:\/\/tv-jahn-handball.de\/index.php?rest_route=\/wp\/v2\/users\/4"}],"replies":[{"embeddable":true,"href":"https:\/\/tv-jahn-handball.de\/index.php?rest_route=%2Fwp%2Fv2%2Fcomments&post=40651"}],"version-history":[{"count":1,"href":"https:\/\/tv-jahn-handball.de\/index.php?rest_route=\/wp\/v2\/posts\/40651\/revisions"}],"predecessor-version":[{"id":40652,"href":"https:\/\/tv-jahn-handball.de\/index.php?rest_route=\/wp\/v2\/posts\/40651\/revisions\/40652"}],"wp:featuredmedia":[{"embeddable":true,"href":"https:\/\/tv-jahn-handball.de\/index.php?rest_route=\/wp\/v2\/media\/40647"}],"wp:attachment":[{"href":"https:\/\/tv-jahn-handball.de\/index.php?rest_route=%2Fwp%2Fv2%2Fmedia&parent=40651"}],"wp:term":[{"taxonomy":"category","embeddable":true,"href":"https:\/\/tv-jahn-handball.de\/index.php?rest_route=%2Fwp%2Fv2%2Fcategories&post=40651"},{"taxonomy":"post_tag","embeddable":true,"href":"https:\/\/tv-jahn-handball.de\/index.php?rest_route=%2Fwp%2Fv2%2Ftags&post=40651"}],"curies":[{"name":"wp","href":"https:\/\/api.w.org\/{rel}","templated":true}]}}