{"id":1249,"date":"2019-11-16T08:38:42","date_gmt":"2019-11-16T07:38:42","guid":{"rendered":"http:\/\/tv-jahn-handball.de\/?p=1249"},"modified":"2020-01-24T11:12:10","modified_gmt":"2020-01-24T10:12:10","slug":"vorbericht-auswaertsspiel-tv-brenz","status":"publish","type":"post","link":"https:\/\/tv-jahn-handball.de\/?p=1249","title":{"rendered":"Vorbericht Ausw\u00e4rtsspiel TV Brenz"},"content":{"rendered":"<p>Am heutigen Samstag steht die l\u00e4ngste Ausfahrtsfahrt f\u00fcr die Jahnm\u00e4nner auf dem Programm. Die M\u00e4nner um Daniel Kauer gastieren beim TV Brenz. Anwurf der Partie ist um 19:30 Uhr in Sontheim.<\/p>\n<p>Der landesligaerprobte Gastgeber ist b\u00e4renstark in die Saison gestartet und steht mit 12:2 Punkten an der Tabellenspitze der Bezirksliga. Ein besonderes Augenmerk gilt dem Torj\u00e4ger M\u00e4ck und dem erfahrenen H\u00f6fel am Kreis. Die beiden Protagonisten bilden das Herzst\u00fcck der Brenzer Mannschaft und sind sowohl in der Abwehr als auch Angriff Dreh- und Angelpunkt. Die Gastgeber haben letzte Saison vor allem in der heimischen Halle mit einer starken 6:0 Abwehr zu \u00fcberzeugen gewusst. Als zus\u00e4tzliche Herausforderung kommt noch die Stimmung in der Hermann-Eberhardt \u2013Halle hinzu. <\/p>\n<p>Bei den W\u00f6lfen ist man sich der Schwere der Aufgabe bewusst: mit einer k\u00e4mpferisch und hochmotivierten Einstellung und einer weiteren Steigerung im Angriff m\u00f6chte man die Partie m\u00f6glichst lange offen gestalten um am Ende etwas Z\u00e4hlbares mit auf die lange Heimfahrt zu nehmen. Leider ist das Wolfsrudel dezimiert und kann nicht in Bestbesetzung antreten. Die W\u00f6lfe w\u00fcrden sich \u00fcber jeden Unterst\u00fctzer sehr freuen.<\/p>\n<p>#GoWolves<\/p>\n<p>#goals<\/p>\n","protected":false},"excerpt":{"rendered":"<p>Am heutigen Samstag steht die l\u00e4ngste Ausfahrtsfahrt f\u00fcr die Jahnm\u00e4nner auf dem Programm. Die M\u00e4nner um Daniel Kauer gastieren beim TV Brenz. Anwurf der Partie ist um 19:30 Uhr in Sontheim. Der landesligaerprobte Gastgeber ist b\u00e4renstark in die Saison gestartet und steht mit 12:2 Punkten an der Tabellenspitze der Bezirksliga. [&hellip;]<\/p>\n","protected":false},"author":2,"featured_media":151,"comment_status":"open","ping_status":"open","sticky":false,"template":"","format":"standard","meta":{"ngg_post_thumbnail":0,"footnotes":""},"categories":[7],"tags":[],"class_list":["post-1249","post","type-post","status-publish","format-standard","has-post-thumbnail","hentry","category-maenner-1"],"_links":{"self":[{"href":"https:\/\/tv-jahn-handball.de\/index.php?rest_route=\/wp\/v2\/posts\/1249"}],"collection":[{"href":"https:\/\/tv-jahn-handball.de\/index.php?rest_route=\/wp\/v2\/posts"}],"about":[{"href":"https:\/\/tv-jahn-handball.de\/index.php?rest_route=\/wp\/v2\/types\/post"}],"author":[{"embeddable":true,"href":"https:\/\/tv-jahn-handball.de\/index.php?rest_route=\/wp\/v2\/users\/2"}],"replies":[{"embeddable":true,"href":"https:\/\/tv-jahn-handball.de\/index.php?rest_route=%2Fwp%2Fv2%2Fcomments&post=1249"}],"version-history":[{"count":1,"href":"https:\/\/tv-jahn-handball.de\/index.php?rest_route=\/wp\/v2\/posts\/1249\/revisions"}],"predecessor-version":[{"id":1250,"href":"https:\/\/tv-jahn-handball.de\/index.php?rest_route=\/wp\/v2\/posts\/1249\/revisions\/1250"}],"wp:featuredmedia":[{"embeddable":true,"href":"https:\/\/tv-jahn-handball.de\/index.php?rest_route=\/wp\/v2\/media\/151"}],"wp:attachment":[{"href":"https:\/\/tv-jahn-handball.de\/index.php?rest_route=%2Fwp%2Fv2%2Fmedia&parent=1249"}],"wp:term":[{"taxonomy":"category","embeddable":true,"href":"https:\/\/tv-jahn-handball.de\/index.php?rest_route=%2Fwp%2Fv2%2Fcategories&post=1249"},{"taxonomy":"post_tag","embeddable":true,"href":"https:\/\/tv-jahn-handball.de\/index.php?rest_route=%2Fwp%2Fv2%2Ftags&post=1249"}],"curies":[{"name":"wp","href":"https:\/\/api.w.org\/{rel}","templated":true}]}}