{"id":1223,"date":"2019-09-08T07:27:47","date_gmt":"2019-09-08T05:27:47","guid":{"rendered":"http:\/\/tv-jahn-handball.de\/?p=1223"},"modified":"2019-11-08T07:28:59","modified_gmt":"2019-11-08T06:28:59","slug":"schwere-verletzung-truebt-erfolgreichen-pokalauftakt","status":"publish","type":"post","link":"https:\/\/tv-jahn-handball.de\/?p=1223","title":{"rendered":"Schwere Verletzung tr\u00fcbt erfolgreichen Pokalauftakt"},"content":{"rendered":"<p>Am vergangenen Donnerstag reisten die W\u00f6lfe zur ersten Pokalrunde nach Schnaitheim. Die Zuschauer sahen eine zerfahrene erste Halbzeit in der beide Mannschaften vor allem im Angriff viele Fehler produzierten. Man merkte den Mannschaften an, dass diese teilweise noch voll in der Vorbereitung steckten. In der ersten Halbzeit \u00fcberzeugte vor allem ein starker Samuel Wolf und eine konsequente Abwehr.<\/p>\n<p>Kurz vor der Pause verletzte sich unser Neuzugang Markus Sp\u00f6rle \u2013 ohne Fremdeinwirkung \u2013 schwer am Sprunggelenk und musste mit dem Notarzt ins Krankenhaus gebracht werden. An dieser Stelle einen herzlichen Dank an die Zuschauer und die Schnaitheimer Handballer f\u00fcr den sehr respektvollen und hilfsbereiten Umgang. Die Unterbrechung hat knapp 25 Minuten gedauert und der Schock sa\u00df allen Beteiligten noch tief in den Knochen. Trotzdem gelang es den W\u00f6lfen die Halbzeit konzentriert zu Ende zu spielen und einen 3-Tore Vorsprung mit in die Pause zu nehmen.<\/p>\n<p>In der Halbzeit fand Trainer Tobi Papsch die richtigen Worte und die Mannen um Kapit\u00e4n Daniel Kauer haben es geschafft in der zweiten Halbzeit die Fehlerzahl im Angriff zu minimieren und effizienter zu treffen. Vor allem Benedikt Domay und Florian B\u00f6hm sorgten konstant f\u00fcr ein kleines Polster. Gegen Ende konnte sich Tim Wohlang im Tor auszeichnen und das Wolfsrudel spielte die letzten Minuten souver\u00e4n herunter und erreichte einen verdienten 23:28 Ausw\u00e4rtserfolg bei einem starken Gegner. Strahlende Gesichter suchte man jedoch vergeblich und so waren alle mit ihren Gedanken bei unserem Mitspieler.<\/p>\n<p>Wir w\u00fcnschen unserem Markus \u201eJunior\u201c Sp\u00f6rle alles erdenkliche gute und eine schnelle Genesung. Kopf hoch Junge!<\/p>\n","protected":false},"excerpt":{"rendered":"<p>Am vergangenen Donnerstag reisten die W\u00f6lfe zur ersten Pokalrunde nach Schnaitheim. Die Zuschauer sahen eine zerfahrene erste Halbzeit in der beide Mannschaften vor allem im Angriff viele Fehler produzierten. Man merkte den Mannschaften an, dass diese teilweise noch voll in der Vorbereitung steckten. In der ersten Halbzeit \u00fcberzeugte vor allem [&hellip;]<\/p>\n","protected":false},"author":2,"featured_media":151,"comment_status":"open","ping_status":"open","sticky":false,"template":"","format":"standard","meta":{"ngg_post_thumbnail":0,"footnotes":""},"categories":[7,1],"tags":[],"class_list":["post-1223","post","type-post","status-publish","format-standard","has-post-thumbnail","hentry","category-maenner-1","category-spielberichte"],"_links":{"self":[{"href":"https:\/\/tv-jahn-handball.de\/index.php?rest_route=\/wp\/v2\/posts\/1223"}],"collection":[{"href":"https:\/\/tv-jahn-handball.de\/index.php?rest_route=\/wp\/v2\/posts"}],"about":[{"href":"https:\/\/tv-jahn-handball.de\/index.php?rest_route=\/wp\/v2\/types\/post"}],"author":[{"embeddable":true,"href":"https:\/\/tv-jahn-handball.de\/index.php?rest_route=\/wp\/v2\/users\/2"}],"replies":[{"embeddable":true,"href":"https:\/\/tv-jahn-handball.de\/index.php?rest_route=%2Fwp%2Fv2%2Fcomments&post=1223"}],"version-history":[{"count":1,"href":"https:\/\/tv-jahn-handball.de\/index.php?rest_route=\/wp\/v2\/posts\/1223\/revisions"}],"predecessor-version":[{"id":1224,"href":"https:\/\/tv-jahn-handball.de\/index.php?rest_route=\/wp\/v2\/posts\/1223\/revisions\/1224"}],"wp:featuredmedia":[{"embeddable":true,"href":"https:\/\/tv-jahn-handball.de\/index.php?rest_route=\/wp\/v2\/media\/151"}],"wp:attachment":[{"href":"https:\/\/tv-jahn-handball.de\/index.php?rest_route=%2Fwp%2Fv2%2Fmedia&parent=1223"}],"wp:term":[{"taxonomy":"category","embeddable":true,"href":"https:\/\/tv-jahn-handball.de\/index.php?rest_route=%2Fwp%2Fv2%2Fcategories&post=1223"},{"taxonomy":"post_tag","embeddable":true,"href":"https:\/\/tv-jahn-handball.de\/index.php?rest_route=%2Fwp%2Fv2%2Ftags&post=1223"}],"curies":[{"name":"wp","href":"https:\/\/api.w.org\/{rel}","templated":true}]}}